{"id":925,"date":"2012-01-10T13:30:04","date_gmt":"2012-01-10T12:30:04","guid":{"rendered":"http:\/\/www.refugiodelizara.com\/blog\/?p=925"},"modified":"2012-01-10T13:30:04","modified_gmt":"2012-01-10T12:30:04","slug":"primavera-en-enero","status":"publish","type":"post","link":"https:\/\/www.refugiodelizara.com\/blog\/?p=925","title":{"rendered":"Primavera en Enero"},"content":{"rendered":"<p>Este invierno est\u00e1 siendo bastante seco y suave, parece m\u00e1s bien que estemos en primavera. Unas fotos desde el Petrito tomadas esta ma\u00f1ana, espectacular d\u00eda con temperaturas suaves y mucho sol&#8230;.<\/p>\n<p><a href=\"http:\/\/www.refugiodelizara.com\/blog\/wp-content\/uploads\/2012\/01\/xaro-movil-012.jpg\"><img loading=\"lazy\" decoding=\"async\" class=\"alignnone size-medium wp-image-926\" title=\"xaro-movil-012\" src=\"http:\/\/www.refugiodelizara.com\/blog\/wp-content\/uploads\/2012\/01\/xaro-movil-012-300x225.jpg\" alt=\"\" width=\"300\" height=\"225\" srcset=\"https:\/\/www.refugiodelizara.com\/blog\/wp-content\/uploads\/2012\/01\/xaro-movil-012-300x225.jpg 300w, https:\/\/www.refugiodelizara.com\/blog\/wp-content\/uploads\/2012\/01\/xaro-movil-012.jpg 1280w\" sizes=\"auto, (max-width: 300px) 100vw, 300px\" \/><\/a><\/p>\n<p><a href=\"http:\/\/www.refugiodelizara.com\/blog\/wp-content\/uploads\/2012\/01\/xaro-movil-013.jpg\"><img loading=\"lazy\" decoding=\"async\" class=\"alignnone size-medium wp-image-927\" title=\"xaro-movil-013\" src=\"http:\/\/www.refugiodelizara.com\/blog\/wp-content\/uploads\/2012\/01\/xaro-movil-013-300x225.jpg\" alt=\"\" width=\"300\" height=\"225\" srcset=\"https:\/\/www.refugiodelizara.com\/blog\/wp-content\/uploads\/2012\/01\/xaro-movil-013-300x225.jpg 300w, https:\/\/www.refugiodelizara.com\/blog\/wp-content\/uploads\/2012\/01\/xaro-movil-013.jpg 1280w\" sizes=\"auto, (max-width: 300px) 100vw, 300px\" \/><\/a><\/p>\n<p><a href=\"http:\/\/www.refugiodelizara.com\/blog\/wp-content\/uploads\/2012\/01\/xaro-movil-014.jpg\"><img loading=\"lazy\" decoding=\"async\" class=\"alignnone size-medium wp-image-928\" title=\"xaro-movil-014\" src=\"http:\/\/www.refugiodelizara.com\/blog\/wp-content\/uploads\/2012\/01\/xaro-movil-014-300x225.jpg\" alt=\"\" width=\"300\" height=\"225\" srcset=\"https:\/\/www.refugiodelizara.com\/blog\/wp-content\/uploads\/2012\/01\/xaro-movil-014-300x225.jpg 300w, https:\/\/www.refugiodelizara.com\/blog\/wp-content\/uploads\/2012\/01\/xaro-movil-014.jpg 1280w\" sizes=\"auto, (max-width: 300px) 100vw, 300px\" \/><\/a><\/p>\n<p><a href=\"http:\/\/www.refugiodelizara.com\/blog\/wp-content\/uploads\/2012\/01\/xaro-movil-015.jpg\"><img loading=\"lazy\" decoding=\"async\" class=\"alignnone size-medium wp-image-929\" title=\"xaro-movil-015\" src=\"http:\/\/www.refugiodelizara.com\/blog\/wp-content\/uploads\/2012\/01\/xaro-movil-015-300x225.jpg\" alt=\"\" width=\"300\" height=\"225\" srcset=\"https:\/\/www.refugiodelizara.com\/blog\/wp-content\/uploads\/2012\/01\/xaro-movil-015-300x225.jpg 300w, https:\/\/www.refugiodelizara.com\/blog\/wp-content\/uploads\/2012\/01\/xaro-movil-015.jpg 1280w\" sizes=\"auto, (max-width: 300px) 100vw, 300px\" \/><\/a><\/p>\n<p>Xaro Cantarero<\/p>\n","protected":false},"excerpt":{"rendered":"<p>Este invierno est\u00e1 siendo bastante seco y suave, parece m\u00e1s bien que estemos en primavera. Unas fotos desde el Petrito tomadas esta ma\u00f1ana, espectacular d\u00eda con temperaturas suaves y mucho sol&#8230;. Xaro Cantarero<\/p>\n","protected":false},"author":2,"featured_media":0,"comment_status":"open","ping_status":"open","sticky":false,"template":"","format":"standard","meta":{"_monsterinsights_skip_tracking":false,"_monsterinsights_sitenote_active":false,"_monsterinsights_sitenote_note":"","_monsterinsights_sitenote_category":0,"footnotes":"","_links_to":"","_links_to_target":""},"categories":[5,1,67,27],"tags":[112,111,102],"class_list":["post-925","post","type-post","status-publish","format-standard","hentry","category-entorno","category-general","category-meteo","category-nieve","tag-lizara","tag-parque-natural-de-los-valles-occidentales","tag-refugio-de-lizara"],"aioseo_notices":[],"_links":{"self":[{"href":"https:\/\/www.refugiodelizara.com\/blog\/index.php?rest_route=\/wp\/v2\/posts\/925","targetHints":{"allow":["GET"]}}],"collection":[{"href":"https:\/\/www.refugiodelizara.com\/blog\/index.php?rest_route=\/wp\/v2\/posts"}],"about":[{"href":"https:\/\/www.refugiodelizara.com\/blog\/index.php?rest_route=\/wp\/v2\/types\/post"}],"author":[{"embeddable":true,"href":"https:\/\/www.refugiodelizara.com\/blog\/index.php?rest_route=\/wp\/v2\/users\/2"}],"replies":[{"embeddable":true,"href":"https:\/\/www.refugiodelizara.com\/blog\/index.php?rest_route=%2Fwp%2Fv2%2Fcomments&post=925"}],"version-history":[{"count":1,"href":"https:\/\/www.refugiodelizara.com\/blog\/index.php?rest_route=\/wp\/v2\/posts\/925\/revisions"}],"predecessor-version":[{"id":930,"href":"https:\/\/www.refugiodelizara.com\/blog\/index.php?rest_route=\/wp\/v2\/posts\/925\/revisions\/930"}],"wp:attachment":[{"href":"https:\/\/www.refugiodelizara.com\/blog\/index.php?rest_route=%2Fwp%2Fv2%2Fmedia&parent=925"}],"wp:term":[{"taxonomy":"category","embeddable":true,"href":"https:\/\/www.refugiodelizara.com\/blog\/index.php?rest_route=%2Fwp%2Fv2%2Fcategories&post=925"},{"taxonomy":"post_tag","embeddable":true,"href":"https:\/\/www.refugiodelizara.com\/blog\/index.php?rest_route=%2Fwp%2Fv2%2Ftags&post=925"}],"curies":[{"name":"wp","href":"https:\/\/api.w.org\/{rel}","templated":true}]}}