{"id":917,"date":"2011-12-12T15:33:18","date_gmt":"2011-12-12T14:33:18","guid":{"rendered":"http:\/\/www.refugiodelizara.com\/blog\/?p=917"},"modified":"2011-12-12T15:33:18","modified_gmt":"2011-12-12T14:33:18","slug":"bisaurinun-poco-mas-de-nieve","status":"publish","type":"post","link":"https:\/\/www.refugiodelizara.com\/blog\/?p=917","title":{"rendered":"Bisaurin..un poco m\u00e1s de nieve"},"content":{"rendered":"<p>Unas fotos del d\u00eda de hoy, amaneci\u00f3 cubierto nevando un poquito y con algo de viento arriba, poco a poco ha ido despejando, para dejar una tarde de sol esplendida.<\/p>\n<p><a href=\"http:\/\/www.refugiodelizara.com\/blog\/wp-content\/uploads\/2011\/12\/pc120281.jpg\"><img loading=\"lazy\" decoding=\"async\" class=\"alignnone size-medium wp-image-918\" title=\"pc120281\" src=\"http:\/\/www.refugiodelizara.com\/blog\/wp-content\/uploads\/2011\/12\/pc120281-300x225.jpg\" alt=\"\" width=\"300\" height=\"225\" srcset=\"https:\/\/www.refugiodelizara.com\/blog\/wp-content\/uploads\/2011\/12\/pc120281-300x225.jpg 300w, https:\/\/www.refugiodelizara.com\/blog\/wp-content\/uploads\/2011\/12\/pc120281.jpg 1280w\" sizes=\"auto, (max-width: 300px) 100vw, 300px\" \/><\/a><\/p>\n<p>Haitz esperando a que se pongan los crampones, el los lleva ya puestos.<\/p>\n<p><a href=\"http:\/\/www.refugiodelizara.com\/blog\/wp-content\/uploads\/2011\/12\/pc120280.jpg\"><img loading=\"lazy\" decoding=\"async\" class=\"alignnone size-medium wp-image-919\" title=\"pc120280\" src=\"http:\/\/www.refugiodelizara.com\/blog\/wp-content\/uploads\/2011\/12\/pc120280-300x225.jpg\" alt=\"\" width=\"300\" height=\"225\" srcset=\"https:\/\/www.refugiodelizara.com\/blog\/wp-content\/uploads\/2011\/12\/pc120280-300x225.jpg 300w, https:\/\/www.refugiodelizara.com\/blog\/wp-content\/uploads\/2011\/12\/pc120280.jpg 1280w\" sizes=\"auto, (max-width: 300px) 100vw, 300px\" \/><\/a><\/p>\n<p><a href=\"http:\/\/www.refugiodelizara.com\/blog\/wp-content\/uploads\/2011\/12\/pc120272.jpg\"><img loading=\"lazy\" decoding=\"async\" class=\"alignnone size-medium wp-image-920\" title=\"pc120272\" src=\"http:\/\/www.refugiodelizara.com\/blog\/wp-content\/uploads\/2011\/12\/pc120272-300x225.jpg\" alt=\"\" width=\"300\" height=\"225\" srcset=\"https:\/\/www.refugiodelizara.com\/blog\/wp-content\/uploads\/2011\/12\/pc120272-300x225.jpg 300w, https:\/\/www.refugiodelizara.com\/blog\/wp-content\/uploads\/2011\/12\/pc120272.jpg 1280w\" sizes=\"auto, (max-width: 300px) 100vw, 300px\" \/><\/a><\/p>\n<p><a href=\"http:\/\/www.refugiodelizara.com\/blog\/wp-content\/uploads\/2011\/12\/pc120273.jpg\"><img loading=\"lazy\" decoding=\"async\" class=\"alignnone size-medium wp-image-921\" title=\"pc120273\" src=\"http:\/\/www.refugiodelizara.com\/blog\/wp-content\/uploads\/2011\/12\/pc120273-300x225.jpg\" alt=\"\" width=\"300\" height=\"225\" srcset=\"https:\/\/www.refugiodelizara.com\/blog\/wp-content\/uploads\/2011\/12\/pc120273-300x225.jpg 300w, https:\/\/www.refugiodelizara.com\/blog\/wp-content\/uploads\/2011\/12\/pc120273.jpg 1280w\" sizes=\"auto, (max-width: 300px) 100vw, 300px\" \/><\/a><\/p>\n<p>Como veis poco a poco se va cubriendo de nieve&#8230;..<\/p>\n<p>Xaro Cantarero<\/p>\n","protected":false},"excerpt":{"rendered":"<p>Unas fotos del d\u00eda de hoy, amaneci\u00f3 cubierto nevando un poquito y con algo de viento arriba, poco a poco ha ido despejando, para dejar una tarde de sol esplendida. Haitz esperando a que se pongan los crampones, el los &hellip; <a href=\"https:\/\/www.refugiodelizara.com\/blog\/?p=917\">Sigue leyendo <span class=\"meta-nav\">&rarr;<\/span><\/a><\/p>\n","protected":false},"author":2,"featured_media":0,"comment_status":"open","ping_status":"open","sticky":false,"template":"","format":"standard","meta":{"_monsterinsights_skip_tracking":false,"_monsterinsights_sitenote_active":false,"_monsterinsights_sitenote_note":"","_monsterinsights_sitenote_category":0,"footnotes":"","_links_to":"","_links_to_target":""},"categories":[3,5,27],"tags":[104,112,102],"class_list":["post-917","post","type-post","status-publish","format-standard","hentry","category-actividades","category-entorno","category-nieve","tag-bisaurin","tag-lizara","tag-refugio-de-lizara"],"aioseo_notices":[],"_links":{"self":[{"href":"https:\/\/www.refugiodelizara.com\/blog\/index.php?rest_route=\/wp\/v2\/posts\/917","targetHints":{"allow":["GET"]}}],"collection":[{"href":"https:\/\/www.refugiodelizara.com\/blog\/index.php?rest_route=\/wp\/v2\/posts"}],"about":[{"href":"https:\/\/www.refugiodelizara.com\/blog\/index.php?rest_route=\/wp\/v2\/types\/post"}],"author":[{"embeddable":true,"href":"https:\/\/www.refugiodelizara.com\/blog\/index.php?rest_route=\/wp\/v2\/users\/2"}],"replies":[{"embeddable":true,"href":"https:\/\/www.refugiodelizara.com\/blog\/index.php?rest_route=%2Fwp%2Fv2%2Fcomments&post=917"}],"version-history":[{"count":1,"href":"https:\/\/www.refugiodelizara.com\/blog\/index.php?rest_route=\/wp\/v2\/posts\/917\/revisions"}],"predecessor-version":[{"id":922,"href":"https:\/\/www.refugiodelizara.com\/blog\/index.php?rest_route=\/wp\/v2\/posts\/917\/revisions\/922"}],"wp:attachment":[{"href":"https:\/\/www.refugiodelizara.com\/blog\/index.php?rest_route=%2Fwp%2Fv2%2Fmedia&parent=917"}],"wp:term":[{"taxonomy":"category","embeddable":true,"href":"https:\/\/www.refugiodelizara.com\/blog\/index.php?rest_route=%2Fwp%2Fv2%2Fcategories&post=917"},{"taxonomy":"post_tag","embeddable":true,"href":"https:\/\/www.refugiodelizara.com\/blog\/index.php?rest_route=%2Fwp%2Fv2%2Ftags&post=917"}],"curies":[{"name":"wp","href":"https:\/\/api.w.org\/{rel}","templated":true}]}}