{"id":888,"date":"2011-09-26T16:37:37","date_gmt":"2011-09-26T15:37:37","guid":{"rendered":"http:\/\/www.refugiodelizara.com\/blog\/?p=888"},"modified":"2011-09-26T16:37:37","modified_gmt":"2011-09-26T15:37:37","slug":"pico-alto-de-la-portaza-y-cupula-de-secus","status":"publish","type":"post","link":"https:\/\/www.refugiodelizara.com\/blog\/?p=888","title":{"rendered":"Pico Alto de la Portaza y C\u00fapula de Sec\u00fas"},"content":{"rendered":"<p>Fotos desde las cimas del pico alto de la portaza y c\u00fapula de Sec\u00fas, sigue el c\u00e1lido septiembre.<\/p>\n<p><a href=\"http:\/\/www.refugiodelizara.com\/blog\/wp-content\/uploads\/2011\/09\/p9260176.jpg\"><img loading=\"lazy\" decoding=\"async\" class=\"alignnone size-medium wp-image-886\" title=\"p9260176\" src=\"http:\/\/www.refugiodelizara.com\/blog\/wp-content\/uploads\/2011\/09\/p9260176-300x225.jpg\" alt=\"\" width=\"300\" height=\"225\" srcset=\"https:\/\/www.refugiodelizara.com\/blog\/wp-content\/uploads\/2011\/09\/p9260176-300x225.jpg 300w, https:\/\/www.refugiodelizara.com\/blog\/wp-content\/uploads\/2011\/09\/p9260176.jpg 1280w\" sizes=\"auto, (max-width: 300px) 100vw, 300px\" \/><\/a><\/p>\n<p><a href=\"http:\/\/www.refugiodelizara.com\/blog\/wp-content\/uploads\/2011\/09\/p9260175.jpg\"><img loading=\"lazy\" decoding=\"async\" class=\"alignnone size-medium wp-image-885\" title=\"p9260175\" src=\"http:\/\/www.refugiodelizara.com\/blog\/wp-content\/uploads\/2011\/09\/p9260175-300x225.jpg\" alt=\"\" width=\"300\" height=\"225\" srcset=\"https:\/\/www.refugiodelizara.com\/blog\/wp-content\/uploads\/2011\/09\/p9260175-300x225.jpg 300w, https:\/\/www.refugiodelizara.com\/blog\/wp-content\/uploads\/2011\/09\/p9260175.jpg 1280w\" sizes=\"auto, (max-width: 300px) 100vw, 300px\" \/><\/a><\/p>\n<p><a href=\"http:\/\/www.refugiodelizara.com\/blog\/wp-content\/uploads\/2011\/09\/p9260174.jpg\"><img loading=\"lazy\" decoding=\"async\" class=\"alignnone size-medium wp-image-884\" title=\"p9260174\" src=\"http:\/\/www.refugiodelizara.com\/blog\/wp-content\/uploads\/2011\/09\/p9260174-300x225.jpg\" alt=\"\" width=\"300\" height=\"225\" srcset=\"https:\/\/www.refugiodelizara.com\/blog\/wp-content\/uploads\/2011\/09\/p9260174-300x225.jpg 300w, https:\/\/www.refugiodelizara.com\/blog\/wp-content\/uploads\/2011\/09\/p9260174.jpg 1280w\" sizes=\"auto, (max-width: 300px) 100vw, 300px\" \/><\/a><\/p>\n<p><a href=\"http:\/\/www.refugiodelizara.com\/blog\/wp-content\/uploads\/2011\/09\/p9260173.jpg\"><img loading=\"lazy\" decoding=\"async\" class=\"alignnone size-medium wp-image-883\" title=\"p9260173\" src=\"http:\/\/www.refugiodelizara.com\/blog\/wp-content\/uploads\/2011\/09\/p9260173-300x225.jpg\" alt=\"\" width=\"300\" height=\"225\" srcset=\"https:\/\/www.refugiodelizara.com\/blog\/wp-content\/uploads\/2011\/09\/p9260173-300x225.jpg 300w, https:\/\/www.refugiodelizara.com\/blog\/wp-content\/uploads\/2011\/09\/p9260173.jpg 1280w\" sizes=\"auto, (max-width: 300px) 100vw, 300px\" \/><\/a><\/p>\n<p><a href=\"http:\/\/www.refugiodelizara.com\/blog\/wp-content\/uploads\/2011\/09\/p9260172.jpg\"><img loading=\"lazy\" decoding=\"async\" class=\"alignnone size-medium wp-image-882\" title=\"p9260172\" src=\"http:\/\/www.refugiodelizara.com\/blog\/wp-content\/uploads\/2011\/09\/p9260172-300x225.jpg\" alt=\"\" width=\"300\" height=\"225\" srcset=\"https:\/\/www.refugiodelizara.com\/blog\/wp-content\/uploads\/2011\/09\/p9260172-300x225.jpg 300w, https:\/\/www.refugiodelizara.com\/blog\/wp-content\/uploads\/2011\/09\/p9260172.jpg 1280w\" sizes=\"auto, (max-width: 300px) 100vw, 300px\" \/><\/a><\/p>\n<p>Xaro Cantarero<\/p>\n","protected":false},"excerpt":{"rendered":"<p>Fotos desde las cimas del pico alto de la portaza y c\u00fapula de Sec\u00fas, sigue el c\u00e1lido septiembre. Xaro Cantarero<\/p>\n","protected":false},"author":2,"featured_media":0,"comment_status":"open","ping_status":"open","sticky":false,"template":"","format":"standard","meta":{"_monsterinsights_skip_tracking":false,"_monsterinsights_sitenote_active":false,"_monsterinsights_sitenote_note":"","_monsterinsights_sitenote_category":0,"footnotes":"","_links_to":"","_links_to_target":""},"categories":[3,5,1],"tags":[111,102],"class_list":["post-888","post","type-post","status-publish","format-standard","hentry","category-actividades","category-entorno","category-general","tag-parque-natural-de-los-valles-occidentales","tag-refugio-de-lizara"],"aioseo_notices":[],"_links":{"self":[{"href":"https:\/\/www.refugiodelizara.com\/blog\/index.php?rest_route=\/wp\/v2\/posts\/888","targetHints":{"allow":["GET"]}}],"collection":[{"href":"https:\/\/www.refugiodelizara.com\/blog\/index.php?rest_route=\/wp\/v2\/posts"}],"about":[{"href":"https:\/\/www.refugiodelizara.com\/blog\/index.php?rest_route=\/wp\/v2\/types\/post"}],"author":[{"embeddable":true,"href":"https:\/\/www.refugiodelizara.com\/blog\/index.php?rest_route=\/wp\/v2\/users\/2"}],"replies":[{"embeddable":true,"href":"https:\/\/www.refugiodelizara.com\/blog\/index.php?rest_route=%2Fwp%2Fv2%2Fcomments&post=888"}],"version-history":[{"count":1,"href":"https:\/\/www.refugiodelizara.com\/blog\/index.php?rest_route=\/wp\/v2\/posts\/888\/revisions"}],"predecessor-version":[{"id":889,"href":"https:\/\/www.refugiodelizara.com\/blog\/index.php?rest_route=\/wp\/v2\/posts\/888\/revisions\/889"}],"wp:attachment":[{"href":"https:\/\/www.refugiodelizara.com\/blog\/index.php?rest_route=%2Fwp%2Fv2%2Fmedia&parent=888"}],"wp:term":[{"taxonomy":"category","embeddable":true,"href":"https:\/\/www.refugiodelizara.com\/blog\/index.php?rest_route=%2Fwp%2Fv2%2Fcategories&post=888"},{"taxonomy":"post_tag","embeddable":true,"href":"https:\/\/www.refugiodelizara.com\/blog\/index.php?rest_route=%2Fwp%2Fv2%2Ftags&post=888"}],"curies":[{"name":"wp","href":"https:\/\/api.w.org\/{rel}","templated":true}]}}