{"id":73,"date":"2008-12-10T14:10:47","date_gmt":"2008-12-10T13:10:47","guid":{"rendered":"http:\/\/www.refugiodelizara.com\/blog\/?p=73"},"modified":"2009-03-30T19:33:30","modified_gmt":"2009-03-30T18:33:30","slug":"nueva-temporada-de-fondo-en-lizara","status":"publish","type":"post","link":"https:\/\/www.refugiodelizara.com\/blog\/?p=73","title":{"rendered":"Nueva temporada de fondo en Lizara"},"content":{"rendered":"<p>Este a\u00f1o gracias a las tempranas nevadas ya est\u00e1n abiertas las pistas de esqu\u00ed de fondo de Lizara. Peque\u00f1as y accesibles para poder disfrutar con la familia o los amigos o iniciarse en este deporte blanco.<\/p>\n<p>Se ha abierto el trazado original y peque\u00f1as variantes con un poco de desnivel que le daran un poco de diversi\u00f3n. Si las nevadas y las condiciones continuan as\u00ed, iremos trazando alguna variante para alargar el circuito. En este momento hay unos 4 km. pisados y balizados.<\/p>\n<p>Todas las semanas os daremos informaci\u00f3n en el blog sobre el estado de las pistas, espesor, calidad , kil\u00f3metros&#8230;etc.<\/p>\n<p><a href=\"http:\/\/www.refugiodelizara.com\/blog\/wp-content\/uploads\/2008\/12\/p1030095.jpg\"><img loading=\"lazy\" decoding=\"async\" class=\"size-medium wp-image-74 alignnone\" title=\"p1030095\" src=\"http:\/\/www.refugiodelizara.com\/blog\/wp-content\/uploads\/2008\/12\/p1030095-300x225.jpg\" alt=\"fondo Lizara\" width=\"300\" height=\"225\" \/><\/a><\/p>\n<p>Xaro Cantarero.<\/p>\n","protected":false},"excerpt":{"rendered":"<p>Este a\u00f1o gracias a las tempranas nevadas ya est\u00e1n abiertas las pistas de esqu\u00ed de fondo de Lizara. Peque\u00f1as y accesibles para poder disfrutar con la familia o los amigos o iniciarse en este deporte blanco. Se ha abierto el &hellip; <a href=\"https:\/\/www.refugiodelizara.com\/blog\/?p=73\">Sigue leyendo <span class=\"meta-nav\">&rarr;<\/span><\/a><\/p>\n","protected":false},"author":2,"featured_media":0,"comment_status":"closed","ping_status":"closed","sticky":false,"template":"","format":"standard","meta":{"_monsterinsights_skip_tracking":false,"_monsterinsights_sitenote_active":false,"_monsterinsights_sitenote_note":"","_monsterinsights_sitenote_category":0,"footnotes":"","_links_to":"","_links_to_target":""},"categories":[3,4],"tags":[],"class_list":["post-73","post","type-post","status-publish","format-standard","hentry","category-actividades","category-novedades"],"aioseo_notices":[],"_links":{"self":[{"href":"https:\/\/www.refugiodelizara.com\/blog\/index.php?rest_route=\/wp\/v2\/posts\/73","targetHints":{"allow":["GET"]}}],"collection":[{"href":"https:\/\/www.refugiodelizara.com\/blog\/index.php?rest_route=\/wp\/v2\/posts"}],"about":[{"href":"https:\/\/www.refugiodelizara.com\/blog\/index.php?rest_route=\/wp\/v2\/types\/post"}],"author":[{"embeddable":true,"href":"https:\/\/www.refugiodelizara.com\/blog\/index.php?rest_route=\/wp\/v2\/users\/2"}],"replies":[{"embeddable":true,"href":"https:\/\/www.refugiodelizara.com\/blog\/index.php?rest_route=%2Fwp%2Fv2%2Fcomments&post=73"}],"version-history":[{"count":12,"href":"https:\/\/www.refugiodelizara.com\/blog\/index.php?rest_route=\/wp\/v2\/posts\/73\/revisions"}],"predecessor-version":[{"id":78,"href":"https:\/\/www.refugiodelizara.com\/blog\/index.php?rest_route=\/wp\/v2\/posts\/73\/revisions\/78"}],"wp:attachment":[{"href":"https:\/\/www.refugiodelizara.com\/blog\/index.php?rest_route=%2Fwp%2Fv2%2Fmedia&parent=73"}],"wp:term":[{"taxonomy":"category","embeddable":true,"href":"https:\/\/www.refugiodelizara.com\/blog\/index.php?rest_route=%2Fwp%2Fv2%2Fcategories&post=73"},{"taxonomy":"post_tag","embeddable":true,"href":"https:\/\/www.refugiodelizara.com\/blog\/index.php?rest_route=%2Fwp%2Fv2%2Ftags&post=73"}],"curies":[{"name":"wp","href":"https:\/\/api.w.org\/{rel}","templated":true}]}}