{"id":573,"date":"2010-07-19T14:20:23","date_gmt":"2010-07-19T13:20:23","guid":{"rendered":"http:\/\/www.refugiodelizara.com\/blog\/?p=573"},"modified":"2010-07-19T14:20:23","modified_gmt":"2010-07-19T13:20:23","slug":"bisaurin-por-la-norte","status":"publish","type":"post","link":"https:\/\/www.refugiodelizara.com\/blog\/?p=573","title":{"rendered":"Bisaur\u00edn por la Norte"},"content":{"rendered":"<p>En \u00e9stos momentos ya se puede subir al Bisaur\u00edn por la normal de la cara norte pisando s\u00f3lo dos neveros muy planos y otro un poco m\u00e1s empinado que se puede medio rodear por las rocas de los laterales. No obstante, muy de ma\u00f1ana puede estar la nieve muy dura en \u00e9ste \u00faltimo, por lo que la opci\u00f3n de levar crampones puede se recomendable. Una ascensi\u00f3n espectacular.<a href=\"http:\/\/www.refugiodelizara.com\/blog\/wp-content\/uploads\/2010\/07\/p7160093.jpg\"><img loading=\"lazy\" decoding=\"async\" class=\"alignnone size-medium wp-image-574\" title=\"p7160093\" src=\"http:\/\/www.refugiodelizara.com\/blog\/wp-content\/uploads\/2010\/07\/p7160093-300x225.jpg\" alt=\"\" width=\"300\" height=\"225\" srcset=\"https:\/\/www.refugiodelizara.com\/blog\/wp-content\/uploads\/2010\/07\/p7160093-300x225.jpg 300w, https:\/\/www.refugiodelizara.com\/blog\/wp-content\/uploads\/2010\/07\/p7160093.jpg 1280w\" sizes=\"auto, (max-width: 300px) 100vw, 300px\" \/><\/a><a href=\"http:\/\/www.refugiodelizara.com\/blog\/wp-content\/uploads\/2010\/07\/p7160094.jpg\"><img loading=\"lazy\" decoding=\"async\" class=\"alignnone size-medium wp-image-575\" title=\"p7160094\" src=\"http:\/\/www.refugiodelizara.com\/blog\/wp-content\/uploads\/2010\/07\/p7160094-300x225.jpg\" alt=\"\" width=\"300\" height=\"225\" srcset=\"https:\/\/www.refugiodelizara.com\/blog\/wp-content\/uploads\/2010\/07\/p7160094-300x225.jpg 300w, https:\/\/www.refugiodelizara.com\/blog\/wp-content\/uploads\/2010\/07\/p7160094.jpg 1280w\" sizes=\"auto, (max-width: 300px) 100vw, 300px\" \/><\/a><a href=\"http:\/\/www.refugiodelizara.com\/blog\/wp-content\/uploads\/2010\/07\/p7160095.jpg\"><img loading=\"lazy\" decoding=\"async\" class=\"alignnone size-medium wp-image-576\" title=\"p7160095\" src=\"http:\/\/www.refugiodelizara.com\/blog\/wp-content\/uploads\/2010\/07\/p7160095-300x225.jpg\" alt=\"\" width=\"300\" height=\"225\" srcset=\"https:\/\/www.refugiodelizara.com\/blog\/wp-content\/uploads\/2010\/07\/p7160095-300x225.jpg 300w, https:\/\/www.refugiodelizara.com\/blog\/wp-content\/uploads\/2010\/07\/p7160095.jpg 1280w\" sizes=\"auto, (max-width: 300px) 100vw, 300px\" \/><\/a><a href=\"http:\/\/www.refugiodelizara.com\/blog\/wp-content\/uploads\/2010\/07\/p7160100.jpg\"><img loading=\"lazy\" decoding=\"async\" class=\"alignnone size-medium wp-image-577\" title=\"p7160100\" src=\"http:\/\/www.refugiodelizara.com\/blog\/wp-content\/uploads\/2010\/07\/p7160100-300x225.jpg\" alt=\"\" width=\"300\" height=\"225\" srcset=\"https:\/\/www.refugiodelizara.com\/blog\/wp-content\/uploads\/2010\/07\/p7160100-300x225.jpg 300w, https:\/\/www.refugiodelizara.com\/blog\/wp-content\/uploads\/2010\/07\/p7160100.jpg 1280w\" sizes=\"auto, (max-width: 300px) 100vw, 300px\" \/><\/a><\/p>\n","protected":false},"excerpt":{"rendered":"<p>En \u00e9stos momentos ya se puede subir al Bisaur\u00edn por la normal de la cara norte pisando s\u00f3lo dos neveros muy planos y otro un poco m\u00e1s empinado que se puede medio rodear por las rocas de los laterales. No &hellip; <a href=\"https:\/\/www.refugiodelizara.com\/blog\/?p=573\">Sigue leyendo <span class=\"meta-nav\">&rarr;<\/span><\/a><\/p>\n","protected":false},"author":2,"featured_media":0,"comment_status":"open","ping_status":"open","sticky":false,"template":"","format":"standard","meta":{"_monsterinsights_skip_tracking":false,"_monsterinsights_sitenote_active":false,"_monsterinsights_sitenote_note":"","_monsterinsights_sitenote_category":0,"footnotes":"","_links_to":"","_links_to_target":""},"categories":[3,5,27],"tags":[],"class_list":["post-573","post","type-post","status-publish","format-standard","hentry","category-actividades","category-entorno","category-nieve"],"aioseo_notices":[],"_links":{"self":[{"href":"https:\/\/www.refugiodelizara.com\/blog\/index.php?rest_route=\/wp\/v2\/posts\/573","targetHints":{"allow":["GET"]}}],"collection":[{"href":"https:\/\/www.refugiodelizara.com\/blog\/index.php?rest_route=\/wp\/v2\/posts"}],"about":[{"href":"https:\/\/www.refugiodelizara.com\/blog\/index.php?rest_route=\/wp\/v2\/types\/post"}],"author":[{"embeddable":true,"href":"https:\/\/www.refugiodelizara.com\/blog\/index.php?rest_route=\/wp\/v2\/users\/2"}],"replies":[{"embeddable":true,"href":"https:\/\/www.refugiodelizara.com\/blog\/index.php?rest_route=%2Fwp%2Fv2%2Fcomments&post=573"}],"version-history":[{"count":1,"href":"https:\/\/www.refugiodelizara.com\/blog\/index.php?rest_route=\/wp\/v2\/posts\/573\/revisions"}],"predecessor-version":[{"id":578,"href":"https:\/\/www.refugiodelizara.com\/blog\/index.php?rest_route=\/wp\/v2\/posts\/573\/revisions\/578"}],"wp:attachment":[{"href":"https:\/\/www.refugiodelizara.com\/blog\/index.php?rest_route=%2Fwp%2Fv2%2Fmedia&parent=573"}],"wp:term":[{"taxonomy":"category","embeddable":true,"href":"https:\/\/www.refugiodelizara.com\/blog\/index.php?rest_route=%2Fwp%2Fv2%2Fcategories&post=573"},{"taxonomy":"post_tag","embeddable":true,"href":"https:\/\/www.refugiodelizara.com\/blog\/index.php?rest_route=%2Fwp%2Fv2%2Ftags&post=573"}],"curies":[{"name":"wp","href":"https:\/\/api.w.org\/{rel}","templated":true}]}}