{"id":551,"date":"2010-06-17T11:01:15","date_gmt":"2010-06-17T10:01:15","guid":{"rendered":"http:\/\/www.refugiodelizara.com\/blog\/?p=551"},"modified":"2010-06-17T11:01:15","modified_gmt":"2010-06-17T10:01:15","slug":"mas-camille","status":"publish","type":"post","link":"https:\/\/www.refugiodelizara.com\/blog\/?p=551","title":{"rendered":"M\u00e1s Camille"},"content":{"rendered":"<p>A pesar del mal tiempo que estamos teniendo \u00e9stos d\u00edas los grupos que recorren la Senda de Camille, no se dejan intimidar por las nubes. Aqu\u00ed podemos ver a los grupos de Patxi, Josune y Jos\u00e9 afrontar sonrientes y optimistas una nueva etapa de la traves\u00eda. Salud y a disfrutarla!<a href=\"http:\/\/www.refugiodelizara.com\/blog\/wp-content\/uploads\/2010\/06\/p6150062.jpg\"><img loading=\"lazy\" decoding=\"async\" class=\"alignnone size-medium wp-image-552\" title=\"p6150062\" src=\"http:\/\/www.refugiodelizara.com\/blog\/wp-content\/uploads\/2010\/06\/p6150062-300x225.jpg\" alt=\"\" width=\"300\" height=\"225\" srcset=\"https:\/\/www.refugiodelizara.com\/blog\/wp-content\/uploads\/2010\/06\/p6150062-300x225.jpg 300w, https:\/\/www.refugiodelizara.com\/blog\/wp-content\/uploads\/2010\/06\/p6150062.jpg 1280w\" sizes=\"auto, (max-width: 300px) 100vw, 300px\" \/><\/a><a href=\"http:\/\/www.refugiodelizara.com\/blog\/wp-content\/uploads\/2010\/06\/p6150063.jpg\"><img loading=\"lazy\" decoding=\"async\" class=\"alignnone size-medium wp-image-553\" title=\"p6150063\" src=\"http:\/\/www.refugiodelizara.com\/blog\/wp-content\/uploads\/2010\/06\/p6150063-300x225.jpg\" alt=\"\" width=\"300\" height=\"225\" srcset=\"https:\/\/www.refugiodelizara.com\/blog\/wp-content\/uploads\/2010\/06\/p6150063-300x225.jpg 300w, https:\/\/www.refugiodelizara.com\/blog\/wp-content\/uploads\/2010\/06\/p6150063.jpg 1280w\" sizes=\"auto, (max-width: 300px) 100vw, 300px\" \/><\/a><a href=\"http:\/\/www.refugiodelizara.com\/blog\/wp-content\/uploads\/2010\/06\/p6150064.jpg\"><img loading=\"lazy\" decoding=\"async\" class=\"alignnone size-medium wp-image-554\" title=\"p6150064\" src=\"http:\/\/www.refugiodelizara.com\/blog\/wp-content\/uploads\/2010\/06\/p6150064-300x225.jpg\" alt=\"\" width=\"300\" height=\"225\" srcset=\"https:\/\/www.refugiodelizara.com\/blog\/wp-content\/uploads\/2010\/06\/p6150064-300x225.jpg 300w, https:\/\/www.refugiodelizara.com\/blog\/wp-content\/uploads\/2010\/06\/p6150064.jpg 1280w\" sizes=\"auto, (max-width: 300px) 100vw, 300px\" \/><\/a><\/p>\n","protected":false},"excerpt":{"rendered":"<p>A pesar del mal tiempo que estamos teniendo \u00e9stos d\u00edas los grupos que recorren la Senda de Camille, no se dejan intimidar por las nubes. Aqu\u00ed podemos ver a los grupos de Patxi, Josune y Jos\u00e9 afrontar sonrientes y optimistas &hellip; <a href=\"https:\/\/www.refugiodelizara.com\/blog\/?p=551\">Sigue leyendo <span class=\"meta-nav\">&rarr;<\/span><\/a><\/p>\n","protected":false},"author":2,"featured_media":0,"comment_status":"open","ping_status":"open","sticky":false,"template":"","format":"standard","meta":{"_monsterinsights_skip_tracking":false,"_monsterinsights_sitenote_active":false,"_monsterinsights_sitenote_note":"","_monsterinsights_sitenote_category":0,"footnotes":"","_links_to":"","_links_to_target":""},"categories":[16,67],"tags":[],"class_list":["post-551","post","type-post","status-publish","format-standard","hentry","category-eventos","category-meteo"],"aioseo_notices":[],"_links":{"self":[{"href":"https:\/\/www.refugiodelizara.com\/blog\/index.php?rest_route=\/wp\/v2\/posts\/551","targetHints":{"allow":["GET"]}}],"collection":[{"href":"https:\/\/www.refugiodelizara.com\/blog\/index.php?rest_route=\/wp\/v2\/posts"}],"about":[{"href":"https:\/\/www.refugiodelizara.com\/blog\/index.php?rest_route=\/wp\/v2\/types\/post"}],"author":[{"embeddable":true,"href":"https:\/\/www.refugiodelizara.com\/blog\/index.php?rest_route=\/wp\/v2\/users\/2"}],"replies":[{"embeddable":true,"href":"https:\/\/www.refugiodelizara.com\/blog\/index.php?rest_route=%2Fwp%2Fv2%2Fcomments&post=551"}],"version-history":[{"count":1,"href":"https:\/\/www.refugiodelizara.com\/blog\/index.php?rest_route=\/wp\/v2\/posts\/551\/revisions"}],"predecessor-version":[{"id":555,"href":"https:\/\/www.refugiodelizara.com\/blog\/index.php?rest_route=\/wp\/v2\/posts\/551\/revisions\/555"}],"wp:attachment":[{"href":"https:\/\/www.refugiodelizara.com\/blog\/index.php?rest_route=%2Fwp%2Fv2%2Fmedia&parent=551"}],"wp:term":[{"taxonomy":"category","embeddable":true,"href":"https:\/\/www.refugiodelizara.com\/blog\/index.php?rest_route=%2Fwp%2Fv2%2Fcategories&post=551"},{"taxonomy":"post_tag","embeddable":true,"href":"https:\/\/www.refugiodelizara.com\/blog\/index.php?rest_route=%2Fwp%2Fv2%2Ftags&post=551"}],"curies":[{"name":"wp","href":"https:\/\/api.w.org\/{rel}","templated":true}]}}