{"id":415,"date":"2010-04-20T10:36:13","date_gmt":"2010-04-20T09:36:13","guid":{"rendered":"http:\/\/www.refugiodelizara.com\/blog\/?p=415"},"modified":"2010-04-20T10:36:13","modified_gmt":"2010-04-20T09:36:13","slug":"multiactividad-en-lizara","status":"publish","type":"post","link":"https:\/\/www.refugiodelizara.com\/blog\/?p=415","title":{"rendered":"Multiactividad en Lizara"},"content":{"rendered":"<p>Este a\u00f1o el refugio de Lizara junto con Val d&#8217;Echo Activa lanza un programa de actividades de aventura\u00a0 para todos aquellos que quieran disfrutar\u00a0 en este entorno tan increible, como es el <strong>Parque natural de los valles Occidentales.<\/strong><\/p>\n<p><a href=\"http:\/\/www.refugiodelizara.com\/blog\/wp-content\/uploads\/2010\/04\/ferrrata-2.jpg\"><img loading=\"lazy\" decoding=\"async\" class=\"alignnone size-medium wp-image-416\" title=\"ferrrata-2\" src=\"http:\/\/www.refugiodelizara.com\/blog\/wp-content\/uploads\/2010\/04\/ferrrata-2-300x224.jpg\" alt=\"\" width=\"300\" height=\"224\" srcset=\"https:\/\/www.refugiodelizara.com\/blog\/wp-content\/uploads\/2010\/04\/ferrrata-2-300x224.jpg 300w, https:\/\/www.refugiodelizara.com\/blog\/wp-content\/uploads\/2010\/04\/ferrrata-2.jpg 314w\" sizes=\"auto, (max-width: 300px) 100vw, 300px\" \/><\/a><\/p>\n<p>Escalada, Cuevas, Barrancos, Senderismo, Ferratas&#8230;&#8230;.etc con Pernocta en <strong>El Refugio<\/strong>.<\/p>\n<p><a href=\"http:\/\/www.refugiodelizara.com\/blog\/wp-content\/uploads\/2010\/04\/barranco-del-oso.jpg\"><img loading=\"lazy\" decoding=\"async\" class=\"alignnone size-medium wp-image-417\" title=\"barranco-del-oso\" src=\"http:\/\/www.refugiodelizara.com\/blog\/wp-content\/uploads\/2010\/04\/barranco-del-oso-224x300.jpg\" alt=\"\" width=\"224\" height=\"300\" srcset=\"https:\/\/www.refugiodelizara.com\/blog\/wp-content\/uploads\/2010\/04\/barranco-del-oso-224x300.jpg 224w, https:\/\/www.refugiodelizara.com\/blog\/wp-content\/uploads\/2010\/04\/barranco-del-oso.jpg 235w\" sizes=\"auto, (max-width: 224px) 100vw, 224px\" \/><\/a><\/p>\n<p>En principio este programa se ha pensado para escuelas , consta de 5 d\u00edas de lunes a viernes para ni\u00f1os entre 9-15 a\u00f1os, pero\u00a0 esto es variable. Podemos cambiar el programa y adaptarlo\u00a0 a cualquier grupo , dependiendo de la edad pueden variar las actividades y la dificultad de las mismas, el precio variara dependiendo del n\u00famero de personas que formen el grupo.<\/p>\n<p>Podeis descargaros el PDF\u00a0 del programa aqui:<\/p>\n<p><a href=\"http:\/\/www.refugiodelizara.com\/blog\/wp-content\/uploads\/2010\/04\/multi-actividad-lizara.pdf\">multi-actividad-lizara<\/a><\/p>\n<p>Para m\u00e1s informaci\u00f3n o aclarar dudas podeis llamar al refugio 974348433 o por mail a la direcci\u00f3n de correo electr\u00f3nico info@refugiodelizara.com.<\/p>\n<p>Xaro Cantarero.<\/p>\n","protected":false},"excerpt":{"rendered":"<p>Este a\u00f1o el refugio de Lizara junto con Val d&#8217;Echo Activa lanza un programa de actividades de aventura\u00a0 para todos aquellos que quieran disfrutar\u00a0 en este entorno tan increible, como es el Parque natural de los valles Occidentales. Escalada, Cuevas, &hellip; <a href=\"https:\/\/www.refugiodelizara.com\/blog\/?p=415\">Sigue leyendo <span class=\"meta-nav\">&rarr;<\/span><\/a><\/p>\n","protected":false},"author":2,"featured_media":0,"comment_status":"open","ping_status":"open","sticky":false,"template":"","format":"standard","meta":{"_monsterinsights_skip_tracking":false,"_monsterinsights_sitenote_active":false,"_monsterinsights_sitenote_note":"","_monsterinsights_sitenote_category":0,"footnotes":"","_links_to":"","_links_to_target":""},"categories":[3,5,16,1],"tags":[],"class_list":["post-415","post","type-post","status-publish","format-standard","hentry","category-actividades","category-entorno","category-eventos","category-general"],"aioseo_notices":[],"_links":{"self":[{"href":"https:\/\/www.refugiodelizara.com\/blog\/index.php?rest_route=\/wp\/v2\/posts\/415","targetHints":{"allow":["GET"]}}],"collection":[{"href":"https:\/\/www.refugiodelizara.com\/blog\/index.php?rest_route=\/wp\/v2\/posts"}],"about":[{"href":"https:\/\/www.refugiodelizara.com\/blog\/index.php?rest_route=\/wp\/v2\/types\/post"}],"author":[{"embeddable":true,"href":"https:\/\/www.refugiodelizara.com\/blog\/index.php?rest_route=\/wp\/v2\/users\/2"}],"replies":[{"embeddable":true,"href":"https:\/\/www.refugiodelizara.com\/blog\/index.php?rest_route=%2Fwp%2Fv2%2Fcomments&post=415"}],"version-history":[{"count":1,"href":"https:\/\/www.refugiodelizara.com\/blog\/index.php?rest_route=\/wp\/v2\/posts\/415\/revisions"}],"predecessor-version":[{"id":419,"href":"https:\/\/www.refugiodelizara.com\/blog\/index.php?rest_route=\/wp\/v2\/posts\/415\/revisions\/419"}],"wp:attachment":[{"href":"https:\/\/www.refugiodelizara.com\/blog\/index.php?rest_route=%2Fwp%2Fv2%2Fmedia&parent=415"}],"wp:term":[{"taxonomy":"category","embeddable":true,"href":"https:\/\/www.refugiodelizara.com\/blog\/index.php?rest_route=%2Fwp%2Fv2%2Fcategories&post=415"},{"taxonomy":"post_tag","embeddable":true,"href":"https:\/\/www.refugiodelizara.com\/blog\/index.php?rest_route=%2Fwp%2Fv2%2Ftags&post=415"}],"curies":[{"name":"wp","href":"https:\/\/api.w.org\/{rel}","templated":true}]}}