{"id":196,"date":"2009-07-20T20:41:37","date_gmt":"2009-07-20T19:41:37","guid":{"rendered":"http:\/\/www.refugiodelizara.com\/blog\/?p=196"},"modified":"2009-07-20T20:41:37","modified_gmt":"2009-07-20T19:41:37","slug":"montanas-seguras","status":"publish","type":"post","link":"https:\/\/www.refugiodelizara.com\/blog\/?p=196","title":{"rendered":"Monta\u00f1as Seguras"},"content":{"rendered":"<p><a href=\"http:\/\/www.refugiodelizara.com\/blog\/wp-content\/uploads\/2009\/07\/prames-1.jpg\"><img loading=\"lazy\" decoding=\"async\" class=\"alignleft size-medium wp-image-197\" title=\"prames-1\" src=\"http:\/\/www.refugiodelizara.com\/blog\/wp-content\/uploads\/2009\/07\/prames-1-300x199.jpg\" alt=\"\" width=\"300\" height=\"199\" srcset=\"https:\/\/www.refugiodelizara.com\/blog\/wp-content\/uploads\/2009\/07\/prames-1-300x199.jpg 300w, https:\/\/www.refugiodelizara.com\/blog\/wp-content\/uploads\/2009\/07\/prames-1.jpg 448w\" sizes=\"auto, (max-width: 300px) 100vw, 300px\" \/><\/a> Un a\u00f1o m\u00e1s los de monta\u00f1as seguras hacen acto de presencia por los caminos del Pirineo, y han estado estos d\u00edas por Lizara.<\/p>\n<p>Para los que no sepais de esta historia, que ya lleva diez a\u00f1os en marcha, os invitamos a\u00a0 que si os para una pareja\u00a0 uniformados, con formulario en mano, no la dejeis pasar y aprovechar para informaros.<\/p>\n<p>Esta campa\u00f1a que organiza la Federaci\u00f3n Aragonesa de Monta\u00f1a, Protecci\u00f3n Civil e Ibercaja, recoge datos de los monta\u00f1eros que caminan por los senderos de Arag\u00f3n,todos estos datos nos sirve para conocer el tipo de gente que camina a\u00f1o tras a\u00f1o por nuestros montes.<\/p>\n<p>Xaro Cantarero y Lucia Cinto<\/p>\n","protected":false},"excerpt":{"rendered":"<p>Un a\u00f1o m\u00e1s los de monta\u00f1as seguras hacen acto de presencia por los caminos del Pirineo, y han estado estos d\u00edas por Lizara. Para los que no sepais de esta historia, que ya lleva diez a\u00f1os en marcha, os invitamos &hellip; <a href=\"https:\/\/www.refugiodelizara.com\/blog\/?p=196\">Sigue leyendo <span class=\"meta-nav\">&rarr;<\/span><\/a><\/p>\n","protected":false},"author":2,"featured_media":0,"comment_status":"open","ping_status":"open","sticky":false,"template":"","format":"standard","meta":{"_monsterinsights_skip_tracking":false,"_monsterinsights_sitenote_active":false,"_monsterinsights_sitenote_note":"","_monsterinsights_sitenote_category":0,"footnotes":"","_links_to":"","_links_to_target":""},"categories":[3,1,4],"tags":[],"class_list":["post-196","post","type-post","status-publish","format-standard","hentry","category-actividades","category-general","category-novedades"],"aioseo_notices":[],"_links":{"self":[{"href":"https:\/\/www.refugiodelizara.com\/blog\/index.php?rest_route=\/wp\/v2\/posts\/196","targetHints":{"allow":["GET"]}}],"collection":[{"href":"https:\/\/www.refugiodelizara.com\/blog\/index.php?rest_route=\/wp\/v2\/posts"}],"about":[{"href":"https:\/\/www.refugiodelizara.com\/blog\/index.php?rest_route=\/wp\/v2\/types\/post"}],"author":[{"embeddable":true,"href":"https:\/\/www.refugiodelizara.com\/blog\/index.php?rest_route=\/wp\/v2\/users\/2"}],"replies":[{"embeddable":true,"href":"https:\/\/www.refugiodelizara.com\/blog\/index.php?rest_route=%2Fwp%2Fv2%2Fcomments&post=196"}],"version-history":[{"count":1,"href":"https:\/\/www.refugiodelizara.com\/blog\/index.php?rest_route=\/wp\/v2\/posts\/196\/revisions"}],"predecessor-version":[{"id":198,"href":"https:\/\/www.refugiodelizara.com\/blog\/index.php?rest_route=\/wp\/v2\/posts\/196\/revisions\/198"}],"wp:attachment":[{"href":"https:\/\/www.refugiodelizara.com\/blog\/index.php?rest_route=%2Fwp%2Fv2%2Fmedia&parent=196"}],"wp:term":[{"taxonomy":"category","embeddable":true,"href":"https:\/\/www.refugiodelizara.com\/blog\/index.php?rest_route=%2Fwp%2Fv2%2Fcategories&post=196"},{"taxonomy":"post_tag","embeddable":true,"href":"https:\/\/www.refugiodelizara.com\/blog\/index.php?rest_route=%2Fwp%2Fv2%2Ftags&post=196"}],"curies":[{"name":"wp","href":"https:\/\/api.w.org\/{rel}","templated":true}]}}