{"id":1449,"date":"2020-06-16T07:23:07","date_gmt":"2020-06-16T06:23:07","guid":{"rendered":"http:\/\/www.refugiodelizara.com\/blog\/?p=1449"},"modified":"2020-06-16T07:23:07","modified_gmt":"2020-06-16T06:23:07","slug":"covid19-y-refugios-de-montana","status":"publish","type":"post","link":"https:\/\/www.refugiodelizara.com\/blog\/?p=1449","title":{"rendered":"Covid19 y Refugios de Monta\u00f1a"},"content":{"rendered":"\n<p>Hola  a todos , en esta nueva normalidad los refugios tambi\u00e9n tenemos que adaptarnos y para ello vosotros nos teneis que ayudar con vuestra colaboraci\u00f3n en los nuevos protocolos de funcionamiento. <\/p>\n\n\n\n<p><strong>NUEVAS NORMAS DE USO<\/strong><\/p>\n\n\n\n<p><br \/> Es imprescindible conocer, antes de acudir a un refugio o albergue de monta\u00f1a de la FAM en este a\u00f1o 2020, las nuevas normas de utilizaci\u00f3n de los mismos debido a la crisis del Covid19.<br \/> Por favor, difundidlas entre todos los componentes del grupo que vay\u00e1is acudir al refugio. Es responsabilidad de todos conocerlas, tenerlas en cuenta antes de subir a los refugios y cumplirlas una vez en ellos.<br \/> <strong>ANTES DE SUBIR AL REFUGIO<\/strong><\/p>\n\n\n\n<p><strong><br \/> <\/strong>\uf0d8 Debido a las importantes limitaciones en el n\u00famero de plazas de alojamiento y el cierre de las cocinas libres, el servicio m\u00ednimo en los refugios sin acceso en coche ser\u00e1 Media Pensi\u00f3n y en los de acceso con veh\u00edculo ser\u00e1 Alojamiento y Desayuno.<\/p>\n\n\n\n<p><br \/> \uf0d8 Es necesario determinar una persona responsable por cada grupo, de cara a tener un solo interlocutor al que el guarda de la entrada al refugio y le explique todas las nuevas normas de funcionamiento una vez en \u00e9l.<\/p>\n\n\n\n<p><br \/> \uf0d8 Es obligatorio el uso de la mascarilla en todas las zonas de uso com\u00fan del refugio.<\/p>\n\n\n\n<p><br \/> \uf0d8 Los refugios no contar\u00e1n con calzado de descanso de uso com\u00fan, es obligado que cada uno lo lleve consigo.<\/p>\n\n\n\n<p><br \/> \uf0d8 Los refugios no contar\u00e1n con mantas en las habitaciones, hay que prever por tanto llevar un saco de dormir pensado para no pasar fr\u00edo.<\/p>\n\n\n\n<p><br \/> \uf0d8 Los refugios no contar\u00e1n con almohadas en las habitaciones.<br \/> <strong>UNA VEZ EN EL REFUGIO<\/strong><\/p>\n\n\n\n<p><br \/> Se han establecido una serie de nuevas normas de conducta y funcionamiento de los refugios. Todas ellas, al igual que las mencionadas anteriormente, se fundamentan en la actual crisis del COVID19, las nuevas medidas de distancia f\u00edsica e higiene que son necesarias tomar y la sostenibilidad de los refugios de monta\u00f1a.<br \/> Pedimos al colectivo monta\u00f1ero que nos ayude a cumplirlas. Es responsabilidad de todos conseguir que los refugios y albergues de monta\u00f1a puedan funcionar correctamente a pesar de esta mala coyuntura en la que nos encontramos.<br \/> Algunas de estas medidas son:<\/p>\n\n\n\n<ul class=\"wp-block-list\"><li>Es importante mantener las medidas de distanciamiento y limpieza m\u00ednimas en nuestra estancia en el refugio.<\/li><li>Al llegar al refugio ser\u00e1 necesario realizar una desinfecci\u00f3n de mochilas y botas de monta\u00f1a.<\/li><li>No se podr\u00e1 utilizar el cuarto de taquillas para dejar las mochilas, \u00e9stas han de subirse a las habitaciones.<\/li><li>Se han establecido aforos limitados en todos los espacios comunes del refugio: comedor, terraza, aseos, botero\u2026 Estos aforos vendr\u00e1n indicados por carteles a la entrada de cada uno de esos espacios. Es la responsabilidad de todos el cumplirlos.<\/li><li>Se ha limitado la capacidad de alojamiento del refugio.<\/li><li>Ser\u00e1 necesaria la limpieza de manos con gel hidroalcoh\u00f3lico antes de cada servicio de desayuno, comida o cena que se realice.<\/li><li>Debemos atender siempre a las indicaciones del guarda antes de estos servicios de comidas, ya que la distribuci\u00f3n de las mesas de comedor estar\u00e1 condicionada a la tipolog\u00eda de los grupos de alojados. Los grupos que acudan juntos al refugio se sentar\u00e1n a comer juntos.<\/li><li>Tanto a trav\u00e9s del guarda como de diferentes carteles a lo largo del refugio se informar\u00e1 de los protocolos y medidas necesarias a cumplir.<\/li><li><br \/> S<strong>\u00c9 RESPONSABLE Y AY\u00daDANOS CON EL CUMPLIMIENTO DE TODAS ESTAS NORMAS<br \/> ENTRE TODOS CONSEGUIREMOS QUE LOS REFUGIOS Y ALBERGUES DE MONTA\u00d1A PUEDAN FUNCIONAR<\/strong><\/li><\/ul>\n","protected":false},"excerpt":{"rendered":"<p>Hola a todos , en esta nueva normalidad los refugios tambi\u00e9n tenemos que adaptarnos y para ello vosotros nos teneis que ayudar con vuestra colaboraci\u00f3n en los nuevos protocolos de funcionamiento. NUEVAS NORMAS DE USO Es imprescindible conocer, antes de &hellip; <a href=\"https:\/\/www.refugiodelizara.com\/blog\/?p=1449\">Sigue leyendo <span class=\"meta-nav\">&rarr;<\/span><\/a><\/p>\n","protected":false},"author":2,"featured_media":0,"comment_status":"closed","ping_status":"open","sticky":false,"template":"","format":"standard","meta":{"_monsterinsights_skip_tracking":false,"_monsterinsights_sitenote_active":false,"_monsterinsights_sitenote_note":"","_monsterinsights_sitenote_category":0,"footnotes":"","_links_to":"","_links_to_target":""},"categories":[1],"tags":[],"class_list":["post-1449","post","type-post","status-publish","format-standard","hentry","category-general"],"aioseo_notices":[],"_links":{"self":[{"href":"https:\/\/www.refugiodelizara.com\/blog\/index.php?rest_route=\/wp\/v2\/posts\/1449","targetHints":{"allow":["GET"]}}],"collection":[{"href":"https:\/\/www.refugiodelizara.com\/blog\/index.php?rest_route=\/wp\/v2\/posts"}],"about":[{"href":"https:\/\/www.refugiodelizara.com\/blog\/index.php?rest_route=\/wp\/v2\/types\/post"}],"author":[{"embeddable":true,"href":"https:\/\/www.refugiodelizara.com\/blog\/index.php?rest_route=\/wp\/v2\/users\/2"}],"replies":[{"embeddable":true,"href":"https:\/\/www.refugiodelizara.com\/blog\/index.php?rest_route=%2Fwp%2Fv2%2Fcomments&post=1449"}],"version-history":[{"count":3,"href":"https:\/\/www.refugiodelizara.com\/blog\/index.php?rest_route=\/wp\/v2\/posts\/1449\/revisions"}],"predecessor-version":[{"id":1452,"href":"https:\/\/www.refugiodelizara.com\/blog\/index.php?rest_route=\/wp\/v2\/posts\/1449\/revisions\/1452"}],"wp:attachment":[{"href":"https:\/\/www.refugiodelizara.com\/blog\/index.php?rest_route=%2Fwp%2Fv2%2Fmedia&parent=1449"}],"wp:term":[{"taxonomy":"category","embeddable":true,"href":"https:\/\/www.refugiodelizara.com\/blog\/index.php?rest_route=%2Fwp%2Fv2%2Fcategories&post=1449"},{"taxonomy":"post_tag","embeddable":true,"href":"https:\/\/www.refugiodelizara.com\/blog\/index.php?rest_route=%2Fwp%2Fv2%2Ftags&post=1449"}],"curies":[{"name":"wp","href":"https:\/\/api.w.org\/{rel}","templated":true}]}}