{"id":1431,"date":"2020-03-01T11:33:28","date_gmt":"2020-03-01T10:33:28","guid":{"rendered":"http:\/\/www.refugiodelizara.com\/blog\/?p=1431"},"modified":"2020-03-01T11:33:28","modified_gmt":"2020-03-01T10:33:28","slug":"xxii-galardon-felix-de-azahara","status":"publish","type":"post","link":"https:\/\/www.refugiodelizara.com\/blog\/?p=1431","title":{"rendered":"XXII Galard\u00f3n felix de Azahara"},"content":{"rendered":"\n<p>El viernes 28 de febrero del 2020 se entreg\u00f3  a los guardas de refugio este galard\u00f3n que concede la diputaci\u00f3n provincial de Huesca  en materia de medio ambiente por su labor  diaria en la monta\u00f1a y en los refugios. Aqui os dejamos unas fotos del evento.<\/p>\n\n\n\n<p>Agradecer a la diputaci\u00f3n, este premio que supone para el colectivo de guardas un reconocimiento muy importante de nuestro trabajo.<\/p>\n\n\n\n<figure class=\"wp-block-gallery columns-3 is-cropped wp-block-gallery-1 is-layout-flex wp-block-gallery-is-layout-flex\"><ul class=\"blocks-gallery-grid\"><li class=\"blocks-gallery-item\"><figure><img loading=\"lazy\" decoding=\"async\" width=\"1024\" height=\"682\" src=\"http:\/\/www.refugiodelizara.com\/blog\/wp-content\/uploads\/2020\/03\/IMG-20200228-WA0023-1-1024x682.jpg\" alt=\"\" data-id=\"1439\" data-full-url=\"http:\/\/www.refugiodelizara.com\/blog\/wp-content\/uploads\/2020\/03\/IMG-20200228-WA0023-1.jpg\" data-link=\"http:\/\/www.refugiodelizara.com\/blog\/?attachment_id=1439\" class=\"wp-image-1439\" srcset=\"https:\/\/www.refugiodelizara.com\/blog\/wp-content\/uploads\/2020\/03\/IMG-20200228-WA0023-1-1024x682.jpg 1024w, https:\/\/www.refugiodelizara.com\/blog\/wp-content\/uploads\/2020\/03\/IMG-20200228-WA0023-1-300x200.jpg 300w, https:\/\/www.refugiodelizara.com\/blog\/wp-content\/uploads\/2020\/03\/IMG-20200228-WA0023-1-768x512.jpg 768w, https:\/\/www.refugiodelizara.com\/blog\/wp-content\/uploads\/2020\/03\/IMG-20200228-WA0023-1-1536x1023.jpg 1536w, https:\/\/www.refugiodelizara.com\/blog\/wp-content\/uploads\/2020\/03\/IMG-20200228-WA0023-1.jpg 1600w\" sizes=\"auto, (max-width: 1024px) 100vw, 1024px\" \/><\/figure><\/li><li class=\"blocks-gallery-item\"><figure><img loading=\"lazy\" decoding=\"async\" width=\"1024\" height=\"682\" src=\"http:\/\/www.refugiodelizara.com\/blog\/wp-content\/uploads\/2020\/03\/IMG-20200228-WA0024-1-1024x682.jpg\" alt=\"\" data-id=\"1440\" data-full-url=\"http:\/\/www.refugiodelizara.com\/blog\/wp-content\/uploads\/2020\/03\/IMG-20200228-WA0024-1.jpg\" data-link=\"http:\/\/www.refugiodelizara.com\/blog\/?attachment_id=1440\" class=\"wp-image-1440\" srcset=\"https:\/\/www.refugiodelizara.com\/blog\/wp-content\/uploads\/2020\/03\/IMG-20200228-WA0024-1-1024x682.jpg 1024w, https:\/\/www.refugiodelizara.com\/blog\/wp-content\/uploads\/2020\/03\/IMG-20200228-WA0024-1-300x200.jpg 300w, https:\/\/www.refugiodelizara.com\/blog\/wp-content\/uploads\/2020\/03\/IMG-20200228-WA0024-1-768x512.jpg 768w, https:\/\/www.refugiodelizara.com\/blog\/wp-content\/uploads\/2020\/03\/IMG-20200228-WA0024-1-1536x1023.jpg 1536w, https:\/\/www.refugiodelizara.com\/blog\/wp-content\/uploads\/2020\/03\/IMG-20200228-WA0024-1.jpg 1600w\" sizes=\"auto, (max-width: 1024px) 100vw, 1024px\" \/><\/figure><\/li><li class=\"blocks-gallery-item\"><figure><img loading=\"lazy\" decoding=\"async\" width=\"1024\" height=\"682\" src=\"http:\/\/www.refugiodelizara.com\/blog\/wp-content\/uploads\/2020\/03\/IMG-20200228-WA0027-1-1024x682.jpg\" alt=\"\" data-id=\"1441\" data-full-url=\"http:\/\/www.refugiodelizara.com\/blog\/wp-content\/uploads\/2020\/03\/IMG-20200228-WA0027-1.jpg\" data-link=\"http:\/\/www.refugiodelizara.com\/blog\/?attachment_id=1441\" class=\"wp-image-1441\" srcset=\"https:\/\/www.refugiodelizara.com\/blog\/wp-content\/uploads\/2020\/03\/IMG-20200228-WA0027-1-1024x682.jpg 1024w, https:\/\/www.refugiodelizara.com\/blog\/wp-content\/uploads\/2020\/03\/IMG-20200228-WA0027-1-300x200.jpg 300w, https:\/\/www.refugiodelizara.com\/blog\/wp-content\/uploads\/2020\/03\/IMG-20200228-WA0027-1-768x512.jpg 768w, https:\/\/www.refugiodelizara.com\/blog\/wp-content\/uploads\/2020\/03\/IMG-20200228-WA0027-1-1536x1023.jpg 1536w, https:\/\/www.refugiodelizara.com\/blog\/wp-content\/uploads\/2020\/03\/IMG-20200228-WA0027-1.jpg 1600w\" sizes=\"auto, (max-width: 1024px) 100vw, 1024px\" \/><\/figure><\/li><li class=\"blocks-gallery-item\"><figure><img loading=\"lazy\" decoding=\"async\" width=\"1024\" height=\"682\" src=\"http:\/\/www.refugiodelizara.com\/blog\/wp-content\/uploads\/2020\/03\/IMG-20200228-WA0028-1-1024x682.jpg\" alt=\"\" data-id=\"1442\" data-full-url=\"http:\/\/www.refugiodelizara.com\/blog\/wp-content\/uploads\/2020\/03\/IMG-20200228-WA0028-1.jpg\" data-link=\"http:\/\/www.refugiodelizara.com\/blog\/?attachment_id=1442\" class=\"wp-image-1442\" srcset=\"https:\/\/www.refugiodelizara.com\/blog\/wp-content\/uploads\/2020\/03\/IMG-20200228-WA0028-1-1024x682.jpg 1024w, https:\/\/www.refugiodelizara.com\/blog\/wp-content\/uploads\/2020\/03\/IMG-20200228-WA0028-1-300x200.jpg 300w, https:\/\/www.refugiodelizara.com\/blog\/wp-content\/uploads\/2020\/03\/IMG-20200228-WA0028-1-768x512.jpg 768w, https:\/\/www.refugiodelizara.com\/blog\/wp-content\/uploads\/2020\/03\/IMG-20200228-WA0028-1-1536x1023.jpg 1536w, https:\/\/www.refugiodelizara.com\/blog\/wp-content\/uploads\/2020\/03\/IMG-20200228-WA0028-1.jpg 1600w\" sizes=\"auto, (max-width: 1024px) 100vw, 1024px\" \/><\/figure><\/li><li class=\"blocks-gallery-item\"><figure><img loading=\"lazy\" decoding=\"async\" width=\"1024\" height=\"682\" src=\"http:\/\/www.refugiodelizara.com\/blog\/wp-content\/uploads\/2020\/03\/IMG-20200228-WA0030-1-1024x682.jpg\" alt=\"\" data-id=\"1443\" data-full-url=\"http:\/\/www.refugiodelizara.com\/blog\/wp-content\/uploads\/2020\/03\/IMG-20200228-WA0030-1.jpg\" data-link=\"http:\/\/www.refugiodelizara.com\/blog\/?attachment_id=1443\" class=\"wp-image-1443\" srcset=\"https:\/\/www.refugiodelizara.com\/blog\/wp-content\/uploads\/2020\/03\/IMG-20200228-WA0030-1-1024x682.jpg 1024w, https:\/\/www.refugiodelizara.com\/blog\/wp-content\/uploads\/2020\/03\/IMG-20200228-WA0030-1-300x200.jpg 300w, https:\/\/www.refugiodelizara.com\/blog\/wp-content\/uploads\/2020\/03\/IMG-20200228-WA0030-1-768x512.jpg 768w, https:\/\/www.refugiodelizara.com\/blog\/wp-content\/uploads\/2020\/03\/IMG-20200228-WA0030-1-1536x1023.jpg 1536w, https:\/\/www.refugiodelizara.com\/blog\/wp-content\/uploads\/2020\/03\/IMG-20200228-WA0030-1.jpg 1600w\" sizes=\"auto, (max-width: 1024px) 100vw, 1024px\" \/><\/figure><\/li><li class=\"blocks-gallery-item\"><figure><img loading=\"lazy\" decoding=\"async\" width=\"1024\" height=\"682\" src=\"http:\/\/www.refugiodelizara.com\/blog\/wp-content\/uploads\/2020\/03\/IMG-20200228-WA0031-1-1024x682.jpg\" alt=\"\" data-id=\"1444\" data-full-url=\"http:\/\/www.refugiodelizara.com\/blog\/wp-content\/uploads\/2020\/03\/IMG-20200228-WA0031-1.jpg\" data-link=\"http:\/\/www.refugiodelizara.com\/blog\/?attachment_id=1444\" class=\"wp-image-1444\" srcset=\"https:\/\/www.refugiodelizara.com\/blog\/wp-content\/uploads\/2020\/03\/IMG-20200228-WA0031-1-1024x682.jpg 1024w, https:\/\/www.refugiodelizara.com\/blog\/wp-content\/uploads\/2020\/03\/IMG-20200228-WA0031-1-300x200.jpg 300w, https:\/\/www.refugiodelizara.com\/blog\/wp-content\/uploads\/2020\/03\/IMG-20200228-WA0031-1-768x512.jpg 768w, https:\/\/www.refugiodelizara.com\/blog\/wp-content\/uploads\/2020\/03\/IMG-20200228-WA0031-1-1536x1023.jpg 1536w, https:\/\/www.refugiodelizara.com\/blog\/wp-content\/uploads\/2020\/03\/IMG-20200228-WA0031-1.jpg 1600w\" sizes=\"auto, (max-width: 1024px) 100vw, 1024px\" \/><\/figure><\/li><li class=\"blocks-gallery-item\"><figure><img loading=\"lazy\" decoding=\"async\" width=\"1024\" height=\"682\" src=\"http:\/\/www.refugiodelizara.com\/blog\/wp-content\/uploads\/2020\/03\/IMG-20200228-WA0035-1-1024x682.jpg\" alt=\"\" data-id=\"1445\" data-full-url=\"http:\/\/www.refugiodelizara.com\/blog\/wp-content\/uploads\/2020\/03\/IMG-20200228-WA0035-1.jpg\" data-link=\"http:\/\/www.refugiodelizara.com\/blog\/?attachment_id=1445\" class=\"wp-image-1445\" srcset=\"https:\/\/www.refugiodelizara.com\/blog\/wp-content\/uploads\/2020\/03\/IMG-20200228-WA0035-1-1024x682.jpg 1024w, https:\/\/www.refugiodelizara.com\/blog\/wp-content\/uploads\/2020\/03\/IMG-20200228-WA0035-1-300x200.jpg 300w, https:\/\/www.refugiodelizara.com\/blog\/wp-content\/uploads\/2020\/03\/IMG-20200228-WA0035-1-768x512.jpg 768w, https:\/\/www.refugiodelizara.com\/blog\/wp-content\/uploads\/2020\/03\/IMG-20200228-WA0035-1-1536x1023.jpg 1536w, https:\/\/www.refugiodelizara.com\/blog\/wp-content\/uploads\/2020\/03\/IMG-20200228-WA0035-1.jpg 1600w\" sizes=\"auto, (max-width: 1024px) 100vw, 1024px\" \/><\/figure><\/li><\/ul><\/figure>\n","protected":false},"excerpt":{"rendered":"<p>El viernes 28 de febrero del 2020 se entreg\u00f3 a los guardas de refugio este galard\u00f3n que concede la diputaci\u00f3n provincial de Huesca en materia de medio ambiente por su labor diaria en la monta\u00f1a y en los refugios. Aqui &hellip; <a href=\"https:\/\/www.refugiodelizara.com\/blog\/?p=1431\">Sigue leyendo <span class=\"meta-nav\">&rarr;<\/span><\/a><\/p>\n","protected":false},"author":2,"featured_media":0,"comment_status":"closed","ping_status":"open","sticky":false,"template":"","format":"standard","meta":{"_monsterinsights_skip_tracking":false,"_monsterinsights_sitenote_active":false,"_monsterinsights_sitenote_note":"","_monsterinsights_sitenote_category":0,"footnotes":"","_links_to":"","_links_to_target":""},"categories":[16,4],"tags":[],"class_list":["post-1431","post","type-post","status-publish","format-standard","hentry","category-eventos","category-novedades"],"aioseo_notices":[],"_links":{"self":[{"href":"https:\/\/www.refugiodelizara.com\/blog\/index.php?rest_route=\/wp\/v2\/posts\/1431","targetHints":{"allow":["GET"]}}],"collection":[{"href":"https:\/\/www.refugiodelizara.com\/blog\/index.php?rest_route=\/wp\/v2\/posts"}],"about":[{"href":"https:\/\/www.refugiodelizara.com\/blog\/index.php?rest_route=\/wp\/v2\/types\/post"}],"author":[{"embeddable":true,"href":"https:\/\/www.refugiodelizara.com\/blog\/index.php?rest_route=\/wp\/v2\/users\/2"}],"replies":[{"embeddable":true,"href":"https:\/\/www.refugiodelizara.com\/blog\/index.php?rest_route=%2Fwp%2Fv2%2Fcomments&post=1431"}],"version-history":[{"count":1,"href":"https:\/\/www.refugiodelizara.com\/blog\/index.php?rest_route=\/wp\/v2\/posts\/1431\/revisions"}],"predecessor-version":[{"id":1446,"href":"https:\/\/www.refugiodelizara.com\/blog\/index.php?rest_route=\/wp\/v2\/posts\/1431\/revisions\/1446"}],"wp:attachment":[{"href":"https:\/\/www.refugiodelizara.com\/blog\/index.php?rest_route=%2Fwp%2Fv2%2Fmedia&parent=1431"}],"wp:term":[{"taxonomy":"category","embeddable":true,"href":"https:\/\/www.refugiodelizara.com\/blog\/index.php?rest_route=%2Fwp%2Fv2%2Fcategories&post=1431"},{"taxonomy":"post_tag","embeddable":true,"href":"https:\/\/www.refugiodelizara.com\/blog\/index.php?rest_route=%2Fwp%2Fv2%2Ftags&post=1431"}],"curies":[{"name":"wp","href":"https:\/\/api.w.org\/{rel}","templated":true}]}}