{"id":1237,"date":"2014-11-25T08:36:56","date_gmt":"2014-11-25T07:36:56","guid":{"rendered":"http:\/\/www.refugiodelizara.com\/blog\/?p=1237"},"modified":"2014-11-25T08:36:56","modified_gmt":"2014-11-25T07:36:56","slug":"nuevo-facebook-de-espacio-nordico-lizara","status":"publish","type":"post","link":"https:\/\/www.refugiodelizara.com\/blog\/?p=1237","title":{"rendered":"Nuevo facebook de Espacio  N\u00f3rdico Lizara"},"content":{"rendered":"<p>Hola a todos:<\/p>\n<p>De nuevo otro invierno , ya estamos en la preparaci\u00f3n de la estaci\u00f3n de fondo.<br \/>\n<div id=\"attachment_1238\" style=\"width: 310px\" class=\"wp-caption aligncenter\"><a href=\"http:\/\/www.refugiodelizara.com\/blog\/wp-content\/uploads\/2014\/11\/IMG_0172.jpg\"><img loading=\"lazy\" decoding=\"async\" aria-describedby=\"caption-attachment-1238\" src=\"http:\/\/www.refugiodelizara.com\/blog\/wp-content\/uploads\/2014\/11\/IMG_0172-300x300.jpg\" alt=\"Estaci\u00f3n N\u00f3rdica Lizara\" width=\"300\" height=\"300\" class=\"size-medium wp-image-1238\" srcset=\"https:\/\/www.refugiodelizara.com\/blog\/wp-content\/uploads\/2014\/11\/IMG_0172-300x300.jpg 300w, https:\/\/www.refugiodelizara.com\/blog\/wp-content\/uploads\/2014\/11\/IMG_0172-150x150.jpg 150w, https:\/\/www.refugiodelizara.com\/blog\/wp-content\/uploads\/2014\/11\/IMG_0172.jpg 640w\" sizes=\"auto, (max-width: 300px) 100vw, 300px\" \/><\/a><p id=\"caption-attachment-1238\" class=\"wp-caption-text\">Llano de Lizara<\/p><\/div><\/p>\n<p>Nos encontraras en :<\/p>\n<p>https:\/\/www.facebook.com\/espacionordicolizara?ref=hl<br \/>\nhttps:\/\/twitter.com\/?lang=es<\/p>\n<p>Esperemos que la pr\u00f3xima foto est\u00e9 todo m\u00e1s blanco.<\/p>\n","protected":false},"excerpt":{"rendered":"<p>Hola a todos: De nuevo otro invierno , ya estamos en la preparaci\u00f3n de la estaci\u00f3n de fondo. Nos encontraras en : https:\/\/www.facebook.com\/espacionordicolizara?ref=hl https:\/\/twitter.com\/?lang=es Esperemos que la pr\u00f3xima foto est\u00e9 todo m\u00e1s blanco.<\/p>\n","protected":false},"author":2,"featured_media":0,"comment_status":"closed","ping_status":"open","sticky":false,"template":"","format":"standard","meta":{"_monsterinsights_skip_tracking":false,"_monsterinsights_sitenote_active":false,"_monsterinsights_sitenote_note":"","_monsterinsights_sitenote_category":0,"footnotes":"","_links_to":"","_links_to_target":""},"categories":[3,27,4],"tags":[161,102],"class_list":["post-1237","post","type-post","status-publish","format-standard","hentry","category-actividades","category-nieve","category-novedades","tag-nordico-lizara","tag-refugio-de-lizara"],"aioseo_notices":[],"_links":{"self":[{"href":"https:\/\/www.refugiodelizara.com\/blog\/index.php?rest_route=\/wp\/v2\/posts\/1237","targetHints":{"allow":["GET"]}}],"collection":[{"href":"https:\/\/www.refugiodelizara.com\/blog\/index.php?rest_route=\/wp\/v2\/posts"}],"about":[{"href":"https:\/\/www.refugiodelizara.com\/blog\/index.php?rest_route=\/wp\/v2\/types\/post"}],"author":[{"embeddable":true,"href":"https:\/\/www.refugiodelizara.com\/blog\/index.php?rest_route=\/wp\/v2\/users\/2"}],"replies":[{"embeddable":true,"href":"https:\/\/www.refugiodelizara.com\/blog\/index.php?rest_route=%2Fwp%2Fv2%2Fcomments&post=1237"}],"version-history":[{"count":1,"href":"https:\/\/www.refugiodelizara.com\/blog\/index.php?rest_route=\/wp\/v2\/posts\/1237\/revisions"}],"predecessor-version":[{"id":1239,"href":"https:\/\/www.refugiodelizara.com\/blog\/index.php?rest_route=\/wp\/v2\/posts\/1237\/revisions\/1239"}],"wp:attachment":[{"href":"https:\/\/www.refugiodelizara.com\/blog\/index.php?rest_route=%2Fwp%2Fv2%2Fmedia&parent=1237"}],"wp:term":[{"taxonomy":"category","embeddable":true,"href":"https:\/\/www.refugiodelizara.com\/blog\/index.php?rest_route=%2Fwp%2Fv2%2Fcategories&post=1237"},{"taxonomy":"post_tag","embeddable":true,"href":"https:\/\/www.refugiodelizara.com\/blog\/index.php?rest_route=%2Fwp%2Fv2%2Ftags&post=1237"}],"curies":[{"name":"wp","href":"https:\/\/api.w.org\/{rel}","templated":true}]}}