{"id":1047,"date":"2013-05-15T09:17:59","date_gmt":"2013-05-15T08:17:59","guid":{"rendered":"http:\/\/www.refugiodelizara.com\/blog\/?p=1047"},"modified":"2013-05-15T09:17:59","modified_gmt":"2013-05-15T08:17:59","slug":"cortes-por-obras-en-carretera","status":"publish","type":"post","link":"https:\/\/www.refugiodelizara.com\/blog\/?p=1047","title":{"rendered":"Cortes por obras en carretera"},"content":{"rendered":"<p>Os comunicamos que la carretera de Arag\u00fces desde el cruze de Echo hasta el mismo pueblo estar\u00e1 cortada de lunes a viernes de 10:00 de la ma\u00f1ana a 14:00 del mediod\u00eda y de 15:30 a 19:00 de la tarde hasta el d\u00eda 24 de mayo , de momento. Cualquier nueva informaci\u00f3n la pondremos en el blog y en el facebook.<br \/>\n<a href=\"http:\/\/www.refugiodelizara.com\/blog\/wp-content\/uploads\/2013\/05\/2013-05-15-10.02.29.jpg\"><img loading=\"lazy\" decoding=\"async\" src=\"http:\/\/www.refugiodelizara.com\/blog\/wp-content\/uploads\/2013\/05\/2013-05-15-10.02.29-300x225.jpg\" alt=\"\" title=\"2013-05-15 10.02.29\" width=\"300\" height=\"225\" class=\"alignnone size-medium wp-image-1048\" srcset=\"https:\/\/www.refugiodelizara.com\/blog\/wp-content\/uploads\/2013\/05\/2013-05-15-10.02.29-300x225.jpg 300w, https:\/\/www.refugiodelizara.com\/blog\/wp-content\/uploads\/2013\/05\/2013-05-15-10.02.29.jpg 640w\" sizes=\"auto, (max-width: 300px) 100vw, 300px\" \/><\/a><br \/>\nUn foto del d\u00eda de hoy.<\/p>\n","protected":false},"excerpt":{"rendered":"<p>Os comunicamos que la carretera de Arag\u00fces desde el cruze de Echo hasta el mismo pueblo estar\u00e1 cortada de lunes a viernes de 10:00 de la ma\u00f1ana a 14:00 del mediod\u00eda y de 15:30 a 19:00 de la tarde hasta &hellip; <a href=\"https:\/\/www.refugiodelizara.com\/blog\/?p=1047\">Sigue leyendo <span class=\"meta-nav\">&rarr;<\/span><\/a><\/p>\n","protected":false},"author":2,"featured_media":0,"comment_status":"closed","ping_status":"open","sticky":false,"template":"","format":"standard","meta":{"_monsterinsights_skip_tracking":false,"_monsterinsights_sitenote_active":false,"_monsterinsights_sitenote_note":"","_monsterinsights_sitenote_category":0,"footnotes":"","_links_to":"","_links_to_target":""},"categories":[1],"tags":[112,111,102],"class_list":["post-1047","post","type-post","status-publish","format-standard","hentry","category-general","tag-lizara","tag-parque-natural-de-los-valles-occidentales","tag-refugio-de-lizara"],"aioseo_notices":[],"_links":{"self":[{"href":"https:\/\/www.refugiodelizara.com\/blog\/index.php?rest_route=\/wp\/v2\/posts\/1047","targetHints":{"allow":["GET"]}}],"collection":[{"href":"https:\/\/www.refugiodelizara.com\/blog\/index.php?rest_route=\/wp\/v2\/posts"}],"about":[{"href":"https:\/\/www.refugiodelizara.com\/blog\/index.php?rest_route=\/wp\/v2\/types\/post"}],"author":[{"embeddable":true,"href":"https:\/\/www.refugiodelizara.com\/blog\/index.php?rest_route=\/wp\/v2\/users\/2"}],"replies":[{"embeddable":true,"href":"https:\/\/www.refugiodelizara.com\/blog\/index.php?rest_route=%2Fwp%2Fv2%2Fcomments&post=1047"}],"version-history":[{"count":1,"href":"https:\/\/www.refugiodelizara.com\/blog\/index.php?rest_route=\/wp\/v2\/posts\/1047\/revisions"}],"predecessor-version":[{"id":1049,"href":"https:\/\/www.refugiodelizara.com\/blog\/index.php?rest_route=\/wp\/v2\/posts\/1047\/revisions\/1049"}],"wp:attachment":[{"href":"https:\/\/www.refugiodelizara.com\/blog\/index.php?rest_route=%2Fwp%2Fv2%2Fmedia&parent=1047"}],"wp:term":[{"taxonomy":"category","embeddable":true,"href":"https:\/\/www.refugiodelizara.com\/blog\/index.php?rest_route=%2Fwp%2Fv2%2Fcategories&post=1047"},{"taxonomy":"post_tag","embeddable":true,"href":"https:\/\/www.refugiodelizara.com\/blog\/index.php?rest_route=%2Fwp%2Fv2%2Ftags&post=1047"}],"curies":[{"name":"wp","href":"https:\/\/api.w.org\/{rel}","templated":true}]}}