{"id":1020,"date":"2012-09-14T15:40:38","date_gmt":"2012-09-14T14:40:38","guid":{"rendered":"http:\/\/www.refugiodelizara.com\/blog\/?p=1020"},"modified":"2012-09-14T15:40:38","modified_gmt":"2012-09-14T14:40:38","slug":"curso-basico-de-orientacion-en-montana","status":"publish","type":"post","link":"https:\/\/www.refugiodelizara.com\/blog\/?p=1020","title":{"rendered":"Curso B\u00e1sico de Orientaci\u00f3n en Monta\u00f1a"},"content":{"rendered":"<p><a href='http:\/\/www.refugiodelizara.com\/blog\/wp-content\/uploads\/2012\/09\/Curso_b\u00e1sico_orientaci\u00f3n_monta\u00f1a_CARTEL_2012.pdf'>Curso_b\u00e1sico_orientaci\u00f3n_monta\u00f1a_CARTEL_2012<\/a><br \/>\nHola a todos, el pr\u00f3ximo 22-23 de septiembre tendr\u00e1 lugar en el refugio un curso de orientaci\u00f3n b\u00e1sico en monta\u00f1a organizado por el club Lo Bisaur\u00edn de Arag\u00fces , aqui os dejamos el cartel por si alguno est\u00e1 interesado.<\/p>\n<p>Xaro Cantarero<\/p>\n","protected":false},"excerpt":{"rendered":"<p>Curso_b\u00e1sico_orientaci\u00f3n_monta\u00f1a_CARTEL_2012 Hola a todos, el pr\u00f3ximo 22-23 de septiembre tendr\u00e1 lugar en el refugio un curso de orientaci\u00f3n b\u00e1sico en monta\u00f1a organizado por el club Lo Bisaur\u00edn de Arag\u00fces , aqui os dejamos el cartel por si alguno est\u00e1 interesado. &hellip; <a href=\"https:\/\/www.refugiodelizara.com\/blog\/?p=1020\">Sigue leyendo <span class=\"meta-nav\">&rarr;<\/span><\/a><\/p>\n","protected":false},"author":2,"featured_media":0,"comment_status":"closed","ping_status":"open","sticky":false,"template":"","format":"standard","meta":{"_monsterinsights_skip_tracking":false,"_monsterinsights_sitenote_active":false,"_monsterinsights_sitenote_note":"","_monsterinsights_sitenote_category":0,"footnotes":"","_links_to":"","_links_to_target":""},"categories":[1],"tags":[112,157,156,111,102],"class_list":["post-1020","post","type-post","status-publish","format-standard","hentry","category-general","tag-lizara","tag-montana","tag-orientacion","tag-parque-natural-de-los-valles-occidentales","tag-refugio-de-lizara"],"aioseo_notices":[],"_links":{"self":[{"href":"https:\/\/www.refugiodelizara.com\/blog\/index.php?rest_route=\/wp\/v2\/posts\/1020","targetHints":{"allow":["GET"]}}],"collection":[{"href":"https:\/\/www.refugiodelizara.com\/blog\/index.php?rest_route=\/wp\/v2\/posts"}],"about":[{"href":"https:\/\/www.refugiodelizara.com\/blog\/index.php?rest_route=\/wp\/v2\/types\/post"}],"author":[{"embeddable":true,"href":"https:\/\/www.refugiodelizara.com\/blog\/index.php?rest_route=\/wp\/v2\/users\/2"}],"replies":[{"embeddable":true,"href":"https:\/\/www.refugiodelizara.com\/blog\/index.php?rest_route=%2Fwp%2Fv2%2Fcomments&post=1020"}],"version-history":[{"count":1,"href":"https:\/\/www.refugiodelizara.com\/blog\/index.php?rest_route=\/wp\/v2\/posts\/1020\/revisions"}],"predecessor-version":[{"id":1022,"href":"https:\/\/www.refugiodelizara.com\/blog\/index.php?rest_route=\/wp\/v2\/posts\/1020\/revisions\/1022"}],"wp:attachment":[{"href":"https:\/\/www.refugiodelizara.com\/blog\/index.php?rest_route=%2Fwp%2Fv2%2Fmedia&parent=1020"}],"wp:term":[{"taxonomy":"category","embeddable":true,"href":"https:\/\/www.refugiodelizara.com\/blog\/index.php?rest_route=%2Fwp%2Fv2%2Fcategories&post=1020"},{"taxonomy":"post_tag","embeddable":true,"href":"https:\/\/www.refugiodelizara.com\/blog\/index.php?rest_route=%2Fwp%2Fv2%2Ftags&post=1020"}],"curies":[{"name":"wp","href":"https:\/\/api.w.org\/{rel}","templated":true}]}}