{"id":1015,"date":"2012-09-10T16:37:39","date_gmt":"2012-09-10T15:37:39","guid":{"rendered":"http:\/\/www.refugiodelizara.com\/blog\/?p=1015"},"modified":"2012-09-10T16:37:39","modified_gmt":"2012-09-10T15:37:39","slug":"i-marcha-senderista-lizara-3","status":"publish","type":"post","link":"https:\/\/www.refugiodelizara.com\/blog\/?p=1015","title":{"rendered":"I marcha senderista Lizara"},"content":{"rendered":"<p>Este domingo finaliz\u00f3 con exito nuestra primera marcha organizada por el refugio con la colaboraci\u00f3n del Club Lo Bisaur\u00edn de Arag\u00fces del puerto. Los participantes disfrutaron de un buen d\u00eda de monte con un tiempo muy agradable. En nuestro facebook podeis ir viendo fotos de la misma.<br \/>\nGacias a todos los que han colaborado y a todos los participantes.<\/p>\n<p>Os esperamos el a\u00f1o que viene.<\/p>\n<p><a href=\"http:\/\/www.refugiodelizara.com\/blog\/wp-content\/uploads\/2012\/09\/P9060422.jpg\"><img loading=\"lazy\" decoding=\"async\" src=\"http:\/\/www.refugiodelizara.com\/blog\/wp-content\/uploads\/2012\/09\/P9060422-300x225.jpg\" alt=\"\" title=\"OLYMPUS DIGITAL CAMERA\" width=\"300\" height=\"225\" class=\"alignnone size-medium wp-image-1016\" srcset=\"https:\/\/www.refugiodelizara.com\/blog\/wp-content\/uploads\/2012\/09\/P9060422-300x225.jpg 300w, https:\/\/www.refugiodelizara.com\/blog\/wp-content\/uploads\/2012\/09\/P9060422-1024x768.jpg 1024w, https:\/\/www.refugiodelizara.com\/blog\/wp-content\/uploads\/2012\/09\/P9060422.jpg 1280w\" sizes=\"auto, (max-width: 300px) 100vw, 300px\" \/><\/a><\/p>\n","protected":false},"excerpt":{"rendered":"<p>Este domingo finaliz\u00f3 con exito nuestra primera marcha organizada por el refugio con la colaboraci\u00f3n del Club Lo Bisaur\u00edn de Arag\u00fces del puerto. Los participantes disfrutaron de un buen d\u00eda de monte con un tiempo muy agradable. En nuestro facebook &hellip; <a href=\"https:\/\/www.refugiodelizara.com\/blog\/?p=1015\">Sigue leyendo <span class=\"meta-nav\">&rarr;<\/span><\/a><\/p>\n","protected":false},"author":2,"featured_media":0,"comment_status":"closed","ping_status":"open","sticky":false,"template":"","format":"standard","meta":{"_monsterinsights_skip_tracking":false,"_monsterinsights_sitenote_active":false,"_monsterinsights_sitenote_note":"","_monsterinsights_sitenote_category":0,"footnotes":"","_links_to":"","_links_to_target":""},"categories":[1],"tags":[155,111,102],"class_list":["post-1015","post","type-post","status-publish","format-standard","hentry","category-general","tag-i-marcha-senderista-liza","tag-parque-natural-de-los-valles-occidentales","tag-refugio-de-lizara"],"aioseo_notices":[],"_links":{"self":[{"href":"https:\/\/www.refugiodelizara.com\/blog\/index.php?rest_route=\/wp\/v2\/posts\/1015","targetHints":{"allow":["GET"]}}],"collection":[{"href":"https:\/\/www.refugiodelizara.com\/blog\/index.php?rest_route=\/wp\/v2\/posts"}],"about":[{"href":"https:\/\/www.refugiodelizara.com\/blog\/index.php?rest_route=\/wp\/v2\/types\/post"}],"author":[{"embeddable":true,"href":"https:\/\/www.refugiodelizara.com\/blog\/index.php?rest_route=\/wp\/v2\/users\/2"}],"replies":[{"embeddable":true,"href":"https:\/\/www.refugiodelizara.com\/blog\/index.php?rest_route=%2Fwp%2Fv2%2Fcomments&post=1015"}],"version-history":[{"count":1,"href":"https:\/\/www.refugiodelizara.com\/blog\/index.php?rest_route=\/wp\/v2\/posts\/1015\/revisions"}],"predecessor-version":[{"id":1017,"href":"https:\/\/www.refugiodelizara.com\/blog\/index.php?rest_route=\/wp\/v2\/posts\/1015\/revisions\/1017"}],"wp:attachment":[{"href":"https:\/\/www.refugiodelizara.com\/blog\/index.php?rest_route=%2Fwp%2Fv2%2Fmedia&parent=1015"}],"wp:term":[{"taxonomy":"category","embeddable":true,"href":"https:\/\/www.refugiodelizara.com\/blog\/index.php?rest_route=%2Fwp%2Fv2%2Fcategories&post=1015"},{"taxonomy":"post_tag","embeddable":true,"href":"https:\/\/www.refugiodelizara.com\/blog\/index.php?rest_route=%2Fwp%2Fv2%2Ftags&post=1015"}],"curies":[{"name":"wp","href":"https:\/\/api.w.org\/{rel}","templated":true}]}}